{"id":485,"date":"2016-12-18T16:48:02","date_gmt":"2016-12-18T19:48:02","guid":{"rendered":"http:\/\/arqvision.cl\/ARQvision_Sustainable_Architecture\/?p=485"},"modified":"2024-07-12T12:23:49","modified_gmt":"2024-07-12T16:23:49","slug":"condominio-casas-de-la-marina-de-puyehue-mantilhue-2016","status":"publish","type":"post","link":"https:\/\/arqvision.cl\/ARQvision_Sustainable_Architecture\/2016\/12\/condominio-casas-de-la-marina-de-puyehue-mantilhue-2016\/","title":{"rendered":"Condominio Casas de la Marina de Puyehue. Mantilhue. 2016"},"content":{"rendered":"\n<p class=\"wp-block-paragraph\">Mantihue del Mapudungun significa &#8220;Lugar del Lago Despejado&#8221;. Que se contrapone al bosque de arrayanes y flora nativa que hay en el terreno.<\/p>\n\n\n\n<p class=\"wp-block-paragraph\">Nuestra propuesta fue realizar un condominio que aproveche las vistas y proteja el entorno. E incorporar el lago con una Marina y Lodge de Pesca flotante.<\/p>\n\n\n\n<figure class=\"wp-block-image size-full is-resized\"><img loading=\"lazy\" decoding=\"async\" src=\"https:\/\/arqvision.cl\/ARQvision_Sustainable_Architecture\/wp-content\/uploads\/2017\/06\/Subdivision-M-Puyehue-SAG.jpg\" alt=\"\" class=\"wp-image-510\" width=\"820\" height=\"607\" srcset=\"https:\/\/arqvision.cl\/ARQvision_Sustainable_Architecture\/wp-content\/uploads\/2017\/06\/Subdivision-M-Puyehue-SAG.jpg 500w, https:\/\/arqvision.cl\/ARQvision_Sustainable_Architecture\/wp-content\/uploads\/2017\/06\/Subdivision-M-Puyehue-SAG-300x222.jpg 300w\" sizes=\"auto, (max-width: 820px) 100vw, 820px\" \/><\/figure>\n\n\n\n<p class=\"wp-block-paragraph\"><em>El Lodge de Pesca, es una casa bote. Lo que permite dormir en medio del Lago.<\/em><\/p>\n\n\n\n<figure class=\"wp-block-image\"><img loading=\"lazy\" decoding=\"async\" width=\"1024\" height=\"695\" src=\"https:\/\/arqvision.cl\/ARQvision_Sustainable_Architecture\/wp-content\/uploads\/2016\/12\/IMG-4-1024x695.png\" alt=\"\" class=\"wp-image-490\" srcset=\"https:\/\/arqvision.cl\/ARQvision_Sustainable_Architecture\/wp-content\/uploads\/2016\/12\/IMG-4-1024x695.png 1024w, https:\/\/arqvision.cl\/ARQvision_Sustainable_Architecture\/wp-content\/uploads\/2016\/12\/IMG-4-300x204.png 300w, https:\/\/arqvision.cl\/ARQvision_Sustainable_Architecture\/wp-content\/uploads\/2016\/12\/IMG-4-768x521.png 768w, https:\/\/arqvision.cl\/ARQvision_Sustainable_Architecture\/wp-content\/uploads\/2016\/12\/IMG-4.png 1356w\" sizes=\"auto, (max-width: 1024px) 100vw, 1024px\" \/><\/figure>\n\n\n\n<figure class=\"wp-block-image\"><img loading=\"lazy\" decoding=\"async\" width=\"1024\" height=\"394\" src=\"https:\/\/arqvision.cl\/ARQvision_Sustainable_Architecture\/wp-content\/uploads\/2016\/12\/IMG-11-1024x394.png\" alt=\"\" class=\"wp-image-489\" srcset=\"https:\/\/arqvision.cl\/ARQvision_Sustainable_Architecture\/wp-content\/uploads\/2016\/12\/IMG-11-1024x394.png 1024w, https:\/\/arqvision.cl\/ARQvision_Sustainable_Architecture\/wp-content\/uploads\/2016\/12\/IMG-11-300x116.png 300w, https:\/\/arqvision.cl\/ARQvision_Sustainable_Architecture\/wp-content\/uploads\/2016\/12\/IMG-11-768x296.png 768w, https:\/\/arqvision.cl\/ARQvision_Sustainable_Architecture\/wp-content\/uploads\/2016\/12\/IMG-11.png 1524w\" sizes=\"auto, (max-width: 1024px) 100vw, 1024px\" \/><\/figure>\n\n\n\n<p class=\"wp-block-paragraph\"><em>Las Casas Puyehue y Lican representan lo que pensamos debe ser una segunda vivienda. Que sea lo mas&nbsp;econ\u00f3mica de operaci\u00f3n. Que los espacios&nbsp;p\u00fablicos&nbsp;interaccionen con el entorno. Y que sea muy funcional y permita el alojamiento de mas de una familia.<\/em><\/p>\n\n\n\n<p class=\"wp-block-paragraph\">La Casa Puyehue<\/p>\n\n\n\n<figure class=\"wp-block-image\"><img loading=\"lazy\" decoding=\"async\" width=\"1024\" height=\"568\" src=\"https:\/\/arqvision.cl\/ARQvision_Sustainable_Architecture\/wp-content\/uploads\/2017\/06\/Casa-Puyehue-Vista-Jardin-2-1024x568.jpg\" alt=\"\" class=\"wp-image-82\" srcset=\"https:\/\/arqvision.cl\/ARQvision_Sustainable_Architecture\/wp-content\/uploads\/2017\/06\/Casa-Puyehue-Vista-Jardin-2-1024x568.jpg 1024w, https:\/\/arqvision.cl\/ARQvision_Sustainable_Architecture\/wp-content\/uploads\/2017\/06\/Casa-Puyehue-Vista-Jardin-2-300x167.jpg 300w, https:\/\/arqvision.cl\/ARQvision_Sustainable_Architecture\/wp-content\/uploads\/2017\/06\/Casa-Puyehue-Vista-Jardin-2-768x426.jpg 768w, https:\/\/arqvision.cl\/ARQvision_Sustainable_Architecture\/wp-content\/uploads\/2017\/06\/Casa-Puyehue-Vista-Jardin-2.jpg 1315w\" sizes=\"auto, (max-width: 1024px) 100vw, 1024px\" \/><\/figure>\n\n\n\n<figure class=\"wp-block-image\"><img loading=\"lazy\" decoding=\"async\" width=\"1024\" height=\"506\" src=\"https:\/\/arqvision.cl\/ARQvision_Sustainable_Architecture\/wp-content\/uploads\/2017\/06\/Casa-Puyehue-Vista-Acceso-1-1024x506.jpg\" alt=\"\" class=\"wp-image-78\" srcset=\"https:\/\/arqvision.cl\/ARQvision_Sustainable_Architecture\/wp-content\/uploads\/2017\/06\/Casa-Puyehue-Vista-Acceso-1-1024x506.jpg 1024w, https:\/\/arqvision.cl\/ARQvision_Sustainable_Architecture\/wp-content\/uploads\/2017\/06\/Casa-Puyehue-Vista-Acceso-1-300x148.jpg 300w, https:\/\/arqvision.cl\/ARQvision_Sustainable_Architecture\/wp-content\/uploads\/2017\/06\/Casa-Puyehue-Vista-Acceso-1-768x379.jpg 768w, https:\/\/arqvision.cl\/ARQvision_Sustainable_Architecture\/wp-content\/uploads\/2017\/06\/Casa-Puyehue-Vista-Acceso-1.jpg 1279w\" sizes=\"auto, (max-width: 1024px) 100vw, 1024px\" \/><\/figure>\n\n\n\n<p class=\"wp-block-paragraph\">La Casa Lican<\/p>\n\n\n\n<figure class=\"wp-block-image\"><img loading=\"lazy\" decoding=\"async\" width=\"1024\" height=\"525\" src=\"https:\/\/arqvision.cl\/ARQvision_Sustainable_Architecture\/wp-content\/uploads\/2017\/06\/Casa-Lican-Vista-Acceso-1-1024x525.png\" alt=\"\" class=\"wp-image-54\" srcset=\"https:\/\/arqvision.cl\/ARQvision_Sustainable_Architecture\/wp-content\/uploads\/2017\/06\/Casa-Lican-Vista-Acceso-1-1024x525.png 1024w, https:\/\/arqvision.cl\/ARQvision_Sustainable_Architecture\/wp-content\/uploads\/2017\/06\/Casa-Lican-Vista-Acceso-1-300x154.png 300w, https:\/\/arqvision.cl\/ARQvision_Sustainable_Architecture\/wp-content\/uploads\/2017\/06\/Casa-Lican-Vista-Acceso-1-768x394.png 768w, https:\/\/arqvision.cl\/ARQvision_Sustainable_Architecture\/wp-content\/uploads\/2017\/06\/Casa-Lican-Vista-Acceso-1.png 1448w\" sizes=\"auto, (max-width: 1024px) 100vw, 1024px\" \/><\/figure>\n\n\n\n<figure class=\"wp-block-image\"><img loading=\"lazy\" decoding=\"async\" width=\"1024\" height=\"565\" src=\"https:\/\/arqvision.cl\/ARQvision_Sustainable_Architecture\/wp-content\/uploads\/2017\/06\/Casa-Lican-Vista-Jardin-1-1024x565.png\" alt=\"\" class=\"wp-image-56\" srcset=\"https:\/\/arqvision.cl\/ARQvision_Sustainable_Architecture\/wp-content\/uploads\/2017\/06\/Casa-Lican-Vista-Jardin-1-1024x565.png 1024w, https:\/\/arqvision.cl\/ARQvision_Sustainable_Architecture\/wp-content\/uploads\/2017\/06\/Casa-Lican-Vista-Jardin-1-300x165.png 300w, https:\/\/arqvision.cl\/ARQvision_Sustainable_Architecture\/wp-content\/uploads\/2017\/06\/Casa-Lican-Vista-Jardin-1-768x423.png 768w, https:\/\/arqvision.cl\/ARQvision_Sustainable_Architecture\/wp-content\/uploads\/2017\/06\/Casa-Lican-Vista-Jardin-1.png 1460w\" sizes=\"auto, (max-width: 1024px) 100vw, 1024px\" \/><\/figure>\n","protected":false},"excerpt":{"rendered":"<p>Mantihue del Mapudungun significa &#8220;Lugar del Lago Despejado&#8221;. Que se contrapone al bosque de arrayanes y flora nativa que hay en el terreno. Nuestra propuesta fue realizar un condominio que aproveche las vistas y proteja el entorno. E incorporar el lago con una Marina y Lodge de Pesca flotante. El Lodge de Pesca, es una&hellip;&nbsp;<a href=\"https:\/\/arqvision.cl\/ARQvision_Sustainable_Architecture\/2016\/12\/condominio-casas-de-la-marina-de-puyehue-mantilhue-2016\/\" rel=\"bookmark\">Read More &raquo;<span class=\"screen-reader-text\">Condominio Casas de la Marina de Puyehue. Mantilhue. 2016<\/span><\/a><\/p>\n","protected":false},"author":1,"featured_media":641,"comment_status":"closed","ping_status":"open","sticky":false,"template":"","format":"gallery","meta":{"_acf_changed":false,"_crdt_document":"","neve_meta_sidebar":"","neve_meta_container":"","neve_meta_enable_content_width":"","neve_meta_content_width":0,"neve_meta_title_alignment":"","neve_meta_author_avatar":"","neve_post_elements_order":"","neve_meta_disable_header":"","neve_meta_disable_footer":"","neve_meta_disable_title":"","footnotes":""},"categories":[62,9,11],"tags":[35],"class_list":["post-485","post","type-post","status-publish","format-gallery","has-post-thumbnail","hentry","category-estudio-urbano","category-turismo","category-vivienda","tag-barrio-sustentable-de-vacaciones","post_format-post-format-gallery"],"acf":[],"_links":{"self":[{"href":"https:\/\/arqvision.cl\/ARQvision_Sustainable_Architecture\/wp-json\/wp\/v2\/posts\/485","targetHints":{"allow":["GET"]}}],"collection":[{"href":"https:\/\/arqvision.cl\/ARQvision_Sustainable_Architecture\/wp-json\/wp\/v2\/posts"}],"about":[{"href":"https:\/\/arqvision.cl\/ARQvision_Sustainable_Architecture\/wp-json\/wp\/v2\/types\/post"}],"author":[{"embeddable":true,"href":"https:\/\/arqvision.cl\/ARQvision_Sustainable_Architecture\/wp-json\/wp\/v2\/users\/1"}],"replies":[{"embeddable":true,"href":"https:\/\/arqvision.cl\/ARQvision_Sustainable_Architecture\/wp-json\/wp\/v2\/comments?post=485"}],"version-history":[{"count":6,"href":"https:\/\/arqvision.cl\/ARQvision_Sustainable_Architecture\/wp-json\/wp\/v2\/posts\/485\/revisions"}],"predecessor-version":[{"id":1002,"href":"https:\/\/arqvision.cl\/ARQvision_Sustainable_Architecture\/wp-json\/wp\/v2\/posts\/485\/revisions\/1002"}],"wp:featuredmedia":[{"embeddable":true,"href":"https:\/\/arqvision.cl\/ARQvision_Sustainable_Architecture\/wp-json\/wp\/v2\/media\/641"}],"wp:attachment":[{"href":"https:\/\/arqvision.cl\/ARQvision_Sustainable_Architecture\/wp-json\/wp\/v2\/media?parent=485"}],"wp:term":[{"taxonomy":"category","embeddable":true,"href":"https:\/\/arqvision.cl\/ARQvision_Sustainable_Architecture\/wp-json\/wp\/v2\/categories?post=485"},{"taxonomy":"post_tag","embeddable":true,"href":"https:\/\/arqvision.cl\/ARQvision_Sustainable_Architecture\/wp-json\/wp\/v2\/tags?post=485"}],"curies":[{"name":"wp","href":"https:\/\/api.w.org\/{rel}","templated":true}]}}