{"id":476,"date":"2016-06-18T15:44:41","date_gmt":"2016-06-18T19:44:41","guid":{"rendered":"http:\/\/arqvision.cl\/ARQvision_Sustainable_Architecture\/?p=476"},"modified":"2024-07-12T12:32:29","modified_gmt":"2024-07-12T16:32:29","slug":"reconstruccion-escuela-barraza-ovalle-2016","status":"publish","type":"post","link":"https:\/\/arqvision.cl\/ARQvision_Sustainable_Architecture\/2016\/06\/reconstruccion-escuela-barraza-ovalle-2016\/","title":{"rendered":"RECONSTRUCCION ESCUELA BARRAZA, Ovalle. 2016"},"content":{"rendered":"\n<p class=\"wp-block-paragraph\"><em>Producto del Terremoto de 8.5 mW que sufri\u00f3 la Regi\u00f3n de Coquimbo el 16 de Septiembre de 2015, muchos pueblos de la zona quedaron destruidos casi por completo. Principalmente las construcciones de adobe y alba\u00f1iler\u00eda antiguos.<\/em><\/p>\n\n\n\n<p class=\"wp-block-paragraph\"><em><a href=\"https:\/\/www.desafiolevantemoschile.cl\/noticias\/inauguracion-escuela-de-barraza-2\/\">Desafio Levantemos Chile<\/a>&nbsp;nos pidi\u00f3 realizar el dise\u00f1o de esta Escuela para ser realizada el menor tiempo posible.<\/em><\/p>\n\n\n\n<figure class=\"wp-block-image\"><img loading=\"lazy\" decoding=\"async\" width=\"960\" height=\"720\" src=\"https:\/\/arqvision.cl\/ARQvision_Sustainable_Architecture\/wp-content\/uploads\/2017\/06\/13343038_1142216192496481_6047744792044097808_n.jpg\" alt=\"\" class=\"wp-image-478\" srcset=\"https:\/\/arqvision.cl\/ARQvision_Sustainable_Architecture\/wp-content\/uploads\/2017\/06\/13343038_1142216192496481_6047744792044097808_n.jpg 960w, https:\/\/arqvision.cl\/ARQvision_Sustainable_Architecture\/wp-content\/uploads\/2017\/06\/13343038_1142216192496481_6047744792044097808_n-300x225.jpg 300w, https:\/\/arqvision.cl\/ARQvision_Sustainable_Architecture\/wp-content\/uploads\/2017\/06\/13343038_1142216192496481_6047744792044097808_n-768x576.jpg 768w\" sizes=\"auto, (max-width: 960px) 100vw, 960px\" \/><\/figure>\n\n\n\n<p class=\"wp-block-paragraph\"><em>Para esto el dise\u00f1o BIM y su estructura automatizada fue crucial. Logrando edificarlo en un mes.<\/em><\/p>\n\n\n\n<figure class=\"wp-block-image\"><img loading=\"lazy\" decoding=\"async\" width=\"960\" height=\"550\" src=\"https:\/\/arqvision.cl\/ARQvision_Sustainable_Architecture\/wp-content\/uploads\/2017\/06\/984020_1885073185114913_5414382644385427449_n.jpg\" alt=\"\" class=\"wp-image-477\" srcset=\"https:\/\/arqvision.cl\/ARQvision_Sustainable_Architecture\/wp-content\/uploads\/2017\/06\/984020_1885073185114913_5414382644385427449_n.jpg 960w, https:\/\/arqvision.cl\/ARQvision_Sustainable_Architecture\/wp-content\/uploads\/2017\/06\/984020_1885073185114913_5414382644385427449_n-300x172.jpg 300w, https:\/\/arqvision.cl\/ARQvision_Sustainable_Architecture\/wp-content\/uploads\/2017\/06\/984020_1885073185114913_5414382644385427449_n-768x440.jpg 768w\" sizes=\"auto, (max-width: 960px) 100vw, 960px\" \/><\/figure>\n\n\n\n<p class=\"wp-block-paragraph\"><em>El dise\u00f1o CAD BIM con <a href=\"http:\/\/www.vectorworks.net\" target=\"_blank\" rel=\"noopener\">VectorWorks<\/a>&nbsp;nos permiti\u00f3 en muy poco tiempo realizar el dise\u00f1o de forma completa. Y luego realizamos el analisis estructural con&nbsp;<a href=\"https:\/\/framecad.com\/en\/products-services\/planning-design\/design-detailing-software\/structure\" target=\"_blank\" rel=\"noopener\">FRAMECAD STRUCTURE<\/a>&nbsp;que nos da un&nbsp;resultado exacto a arquitectura y a obra.<\/em><\/p>\n\n\n\n<figure class=\"wp-block-image\"><img loading=\"lazy\" decoding=\"async\" width=\"960\" height=\"720\" src=\"https:\/\/arqvision.cl\/ARQvision_Sustainable_Architecture\/wp-content\/uploads\/2017\/06\/13342956_1142216182496482_7687357812657362003_n.jpg\" alt=\"\" class=\"wp-image-479\" srcset=\"https:\/\/arqvision.cl\/ARQvision_Sustainable_Architecture\/wp-content\/uploads\/2017\/06\/13342956_1142216182496482_7687357812657362003_n.jpg 960w, https:\/\/arqvision.cl\/ARQvision_Sustainable_Architecture\/wp-content\/uploads\/2017\/06\/13342956_1142216182496482_7687357812657362003_n-300x225.jpg 300w, https:\/\/arqvision.cl\/ARQvision_Sustainable_Architecture\/wp-content\/uploads\/2017\/06\/13342956_1142216182496482_7687357812657362003_n-768x576.jpg 768w\" sizes=\"auto, (max-width: 960px) 100vw, 960px\" \/><\/figure>\n\n\n\n<figure class=\"wp-block-image\"><img decoding=\"async\" src=\"https:\/\/arqvision.cl\/ARQvision_Sustainable_Architecture\/wp-content\/uploads\/2017\/06\/13403752_1142216109163156_3302797848566453252_o-768x1024.jpg\" alt=\"\" class=\"wp-image-481\" width=\"NaN\" height=\"NaN\" srcset=\"https:\/\/arqvision.cl\/ARQvision_Sustainable_Architecture\/wp-content\/uploads\/2017\/06\/13403752_1142216109163156_3302797848566453252_o-768x1024.jpg 768w, https:\/\/arqvision.cl\/ARQvision_Sustainable_Architecture\/wp-content\/uploads\/2017\/06\/13403752_1142216109163156_3302797848566453252_o-225x300.jpg 225w, https:\/\/arqvision.cl\/ARQvision_Sustainable_Architecture\/wp-content\/uploads\/2017\/06\/13403752_1142216109163156_3302797848566453252_o.jpg 1536w\" sizes=\"(max-width: 768px) 100vw, 768px\" \/><\/figure>\n\n\n\n<figure class=\"wp-block-image\"><img loading=\"lazy\" decoding=\"async\" width=\"960\" height=\"720\" src=\"https:\/\/arqvision.cl\/ARQvision_Sustainable_Architecture\/wp-content\/uploads\/2017\/06\/13344511_1142216212496479_8104238318813640886_n.jpg\" alt=\"\" class=\"wp-image-480\" srcset=\"https:\/\/arqvision.cl\/ARQvision_Sustainable_Architecture\/wp-content\/uploads\/2017\/06\/13344511_1142216212496479_8104238318813640886_n.jpg 960w, https:\/\/arqvision.cl\/ARQvision_Sustainable_Architecture\/wp-content\/uploads\/2017\/06\/13344511_1142216212496479_8104238318813640886_n-300x225.jpg 300w, https:\/\/arqvision.cl\/ARQvision_Sustainable_Architecture\/wp-content\/uploads\/2017\/06\/13344511_1142216212496479_8104238318813640886_n-768x576.jpg 768w\" sizes=\"auto, (max-width: 960px) 100vw, 960px\" \/><\/figure>\n","protected":false},"excerpt":{"rendered":"<p>Producto del Terremoto de 8.5 mW que sufri\u00f3 la Regi\u00f3n de Coquimbo el 16 de Septiembre de 2015, muchos pueblos de la zona quedaron destruidos casi por completo. Principalmente las construcciones de adobe y alba\u00f1iler\u00eda antiguos. Desafio Levantemos Chile&nbsp;nos pidi\u00f3 realizar el dise\u00f1o de esta Escuela para ser realizada el menor tiempo posible. Para esto&hellip;&nbsp;<a href=\"https:\/\/arqvision.cl\/ARQvision_Sustainable_Architecture\/2016\/06\/reconstruccion-escuela-barraza-ovalle-2016\/\" rel=\"bookmark\">Read More &raquo;<span class=\"screen-reader-text\">RECONSTRUCCION ESCUELA BARRAZA, Ovalle. 2016<\/span><\/a><\/p>\n","protected":false},"author":1,"featured_media":477,"comment_status":"closed","ping_status":"open","sticky":false,"template":"","format":"gallery","meta":{"_acf_changed":false,"_crdt_document":"","neve_meta_sidebar":"","neve_meta_container":"","neve_meta_enable_content_width":"","neve_meta_content_width":0,"neve_meta_title_alignment":"","neve_meta_author_avatar":"","neve_post_elements_order":"","neve_meta_disable_header":"","neve_meta_disable_footer":"","neve_meta_disable_title":"","footnotes":""},"categories":[14,6],"tags":[59,64,61,60],"class_list":["post-476","post","type-post","status-publish","format-gallery","has-post-thumbnail","hentry","category-publico","category-educacion","tag-damnificados","tag-escuela","tag-incendio","tag-terremoto","post_format-post-format-gallery"],"acf":[],"_links":{"self":[{"href":"https:\/\/arqvision.cl\/ARQvision_Sustainable_Architecture\/wp-json\/wp\/v2\/posts\/476","targetHints":{"allow":["GET"]}}],"collection":[{"href":"https:\/\/arqvision.cl\/ARQvision_Sustainable_Architecture\/wp-json\/wp\/v2\/posts"}],"about":[{"href":"https:\/\/arqvision.cl\/ARQvision_Sustainable_Architecture\/wp-json\/wp\/v2\/types\/post"}],"author":[{"embeddable":true,"href":"https:\/\/arqvision.cl\/ARQvision_Sustainable_Architecture\/wp-json\/wp\/v2\/users\/1"}],"replies":[{"embeddable":true,"href":"https:\/\/arqvision.cl\/ARQvision_Sustainable_Architecture\/wp-json\/wp\/v2\/comments?post=476"}],"version-history":[{"count":4,"href":"https:\/\/arqvision.cl\/ARQvision_Sustainable_Architecture\/wp-json\/wp\/v2\/posts\/476\/revisions"}],"predecessor-version":[{"id":1007,"href":"https:\/\/arqvision.cl\/ARQvision_Sustainable_Architecture\/wp-json\/wp\/v2\/posts\/476\/revisions\/1007"}],"wp:featuredmedia":[{"embeddable":true,"href":"https:\/\/arqvision.cl\/ARQvision_Sustainable_Architecture\/wp-json\/wp\/v2\/media\/477"}],"wp:attachment":[{"href":"https:\/\/arqvision.cl\/ARQvision_Sustainable_Architecture\/wp-json\/wp\/v2\/media?parent=476"}],"wp:term":[{"taxonomy":"category","embeddable":true,"href":"https:\/\/arqvision.cl\/ARQvision_Sustainable_Architecture\/wp-json\/wp\/v2\/categories?post=476"},{"taxonomy":"post_tag","embeddable":true,"href":"https:\/\/arqvision.cl\/ARQvision_Sustainable_Architecture\/wp-json\/wp\/v2\/tags?post=476"}],"curies":[{"name":"wp","href":"https:\/\/api.w.org\/{rel}","templated":true}]}}