{"id":466,"date":"2017-02-18T15:25:39","date_gmt":"2017-02-18T18:25:39","guid":{"rendered":"http:\/\/arqvision.cl\/ARQvision_Sustainable_Architecture\/?p=466"},"modified":"2024-03-04T13:09:59","modified_gmt":"2024-03-04T16:09:59","slug":"casa-ms48-vivienda-tipo-para-desafio-levantemos-chile-2017","status":"publish","type":"post","link":"https:\/\/arqvision.cl\/ARQvision_Sustainable_Architecture\/2017\/02\/casa-ms48-vivienda-tipo-para-desafio-levantemos-chile-2017\/","title":{"rendered":"Casa MS48. Vivienda Tipo para DESAFIO LEVANTEMOS CHILE. 2017"},"content":{"rendered":"\n<p class=\"wp-block-paragraph\">Chile es sinonimo de muchas cosas. Y una de ellas es su Solidaridad luego de sus Cat\u00e1strofes Naturales.<\/p>\n\n\n\n<p class=\"wp-block-paragraph\"><a href=\"https:\/\/www.desafiolevantemoschile.cl\/noticias\/se-inauguran-5-casas-en-vichuquen-tras-incendios-forestales-2\/\">DESAFIO LEVANTEMOS CHILE<\/a>&nbsp;se impuso la meta de dar soluci\u00f3n de vivienda al sinn\u00famero de damnificados en el Centro Sur de Chile, Para esto, donamos el dise\u00f1o completo de nuestro dise\u00f1o del Modulo Sustentable 48, por su superficie \u00fatil.<\/p>\n\n\n\n<p class=\"wp-block-paragraph\">La MS48 tiene un an\u00e1lisis de clima y est\u00e1 preparada para la instalaci\u00f3n de un Panel Solar T\u00e9rmico.<\/p>\n\n\n\n<p class=\"wp-block-paragraph\">Su dise\u00f1o BIM permiti\u00f3 su edificaci\u00f3n industrializada en un tiempo record de 22 d\u00edas.<\/p>\n\n\n\n<p class=\"wp-block-paragraph\">Cuenta con Registro de Propiedad Intelectual.&nbsp;285.053 de 2017.<\/p>\n\n\n\n<figure class=\"wp-block-image\"><img loading=\"lazy\" decoding=\"async\" width=\"720\" height=\"960\" src=\"https:\/\/arqvision.cl\/ARQvision_Sustainable_Architecture\/wp-content\/uploads\/2017\/06\/18119569_1443404675710963_4870398884451022359_n.jpg\" alt=\"\" class=\"wp-image-471\" srcset=\"https:\/\/arqvision.cl\/ARQvision_Sustainable_Architecture\/wp-content\/uploads\/2017\/06\/18119569_1443404675710963_4870398884451022359_n.jpg 720w, https:\/\/arqvision.cl\/ARQvision_Sustainable_Architecture\/wp-content\/uploads\/2017\/06\/18119569_1443404675710963_4870398884451022359_n-225x300.jpg 225w\" sizes=\"auto, (max-width: 720px) 100vw, 720px\" \/><\/figure>\n\n\n\n<figure class=\"wp-block-image\"><img loading=\"lazy\" decoding=\"async\" width=\"960\" height=\"534\" src=\"https:\/\/arqvision.cl\/ARQvision_Sustainable_Architecture\/wp-content\/uploads\/2017\/06\/17904261_1891609834461248_3419390403105238384_n.jpg\" alt=\"\" class=\"wp-image-467\" srcset=\"https:\/\/arqvision.cl\/ARQvision_Sustainable_Architecture\/wp-content\/uploads\/2017\/06\/17904261_1891609834461248_3419390403105238384_n.jpg 960w, https:\/\/arqvision.cl\/ARQvision_Sustainable_Architecture\/wp-content\/uploads\/2017\/06\/17904261_1891609834461248_3419390403105238384_n-300x167.jpg 300w, https:\/\/arqvision.cl\/ARQvision_Sustainable_Architecture\/wp-content\/uploads\/2017\/06\/17904261_1891609834461248_3419390403105238384_n-768x427.jpg 768w\" sizes=\"auto, (max-width: 960px) 100vw, 960px\" \/><\/figure>\n\n\n\n<p class=\"wp-block-paragraph\"><em>Realizar una casa cumpliendo solo las normas&nbsp;m\u00ednimas no asegura su&nbsp;<\/em><i>climatizaci\u00f3n pasiva. Esto se logra&nbsp;aprovechando las condiciones naturales del lugar.<\/i><\/p>\n\n\n\n<figure class=\"wp-block-image\"><img loading=\"lazy\" decoding=\"async\" width=\"960\" height=\"665\" src=\"https:\/\/arqvision.cl\/ARQvision_Sustainable_Architecture\/wp-content\/uploads\/2017\/06\/17904458_1891610174461214_1601911249646397321_n.png\" alt=\"\" class=\"wp-image-469\" srcset=\"https:\/\/arqvision.cl\/ARQvision_Sustainable_Architecture\/wp-content\/uploads\/2017\/06\/17904458_1891610174461214_1601911249646397321_n.png 960w, https:\/\/arqvision.cl\/ARQvision_Sustainable_Architecture\/wp-content\/uploads\/2017\/06\/17904458_1891610174461214_1601911249646397321_n-300x208.png 300w, https:\/\/arqvision.cl\/ARQvision_Sustainable_Architecture\/wp-content\/uploads\/2017\/06\/17904458_1891610174461214_1601911249646397321_n-768x532.png 768w\" sizes=\"auto, (max-width: 960px) 100vw, 960px\" \/><\/figure>\n\n\n\n<p class=\"wp-block-paragraph\"><em>El dise\u00f1o al ser BIM&nbsp;permiti\u00f3 generar sendos ahorros de materiales y operar de forma eficiente en la&nbsp;fabricaci\u00f3n de estructuras automatizado.<\/em><\/p>\n\n\n\n<p class=\"wp-block-paragraph\"><a rel=\"noopener\" href=\"http:\/\/www.faststeel.cl\" target=\"_blank\">FASTSTEEL<\/a><\/p>\n\n\n\n<p class=\"wp-block-paragraph\"><\/p>\n\n\n\n<figure class=\"wp-block-image\"><img loading=\"lazy\" decoding=\"async\" width=\"960\" height=\"532\" src=\"https:\/\/arqvision.cl\/ARQvision_Sustainable_Architecture\/wp-content\/uploads\/2017\/06\/17903902_1891609944461237_6219747814033155757_n.jpg\" alt=\"\" class=\"wp-image-470\" srcset=\"https:\/\/arqvision.cl\/ARQvision_Sustainable_Architecture\/wp-content\/uploads\/2017\/06\/17903902_1891609944461237_6219747814033155757_n.jpg 960w, https:\/\/arqvision.cl\/ARQvision_Sustainable_Architecture\/wp-content\/uploads\/2017\/06\/17903902_1891609944461237_6219747814033155757_n-300x166.jpg 300w, https:\/\/arqvision.cl\/ARQvision_Sustainable_Architecture\/wp-content\/uploads\/2017\/06\/17903902_1891609944461237_6219747814033155757_n-768x426.jpg 768w, https:\/\/arqvision.cl\/ARQvision_Sustainable_Architecture\/wp-content\/uploads\/2017\/06\/17903902_1891609944461237_6219747814033155757_n-672x372.jpg 672w\" sizes=\"auto, (max-width: 960px) 100vw, 960px\" \/><\/figure>\n\n\n\n<figure class=\"wp-block-image\"><img loading=\"lazy\" decoding=\"async\" width=\"960\" height=\"532\" src=\"https:\/\/arqvision.cl\/ARQvision_Sustainable_Architecture\/wp-content\/uploads\/2017\/06\/17903795_1891609391127959_2384735368704362554_n.png\" alt=\"\" class=\"wp-image-468\" srcset=\"https:\/\/arqvision.cl\/ARQvision_Sustainable_Architecture\/wp-content\/uploads\/2017\/06\/17903795_1891609391127959_2384735368704362554_n.png 960w, https:\/\/arqvision.cl\/ARQvision_Sustainable_Architecture\/wp-content\/uploads\/2017\/06\/17903795_1891609391127959_2384735368704362554_n-300x166.png 300w, https:\/\/arqvision.cl\/ARQvision_Sustainable_Architecture\/wp-content\/uploads\/2017\/06\/17903795_1891609391127959_2384735368704362554_n-768x426.png 768w, https:\/\/arqvision.cl\/ARQvision_Sustainable_Architecture\/wp-content\/uploads\/2017\/06\/17903795_1891609391127959_2384735368704362554_n-672x372.png 672w\" sizes=\"auto, (max-width: 960px) 100vw, 960px\" \/><\/figure>\n","protected":false},"excerpt":{"rendered":"<p>Chile es sinonimo de muchas cosas. Y una de ellas es su Solidaridad luego de sus Cat\u00e1strofes Naturales. DESAFIO LEVANTEMOS CHILE&nbsp;se impuso la meta de dar soluci\u00f3n de vivienda al sinn\u00famero de damnificados en el Centro Sur de Chile, Para esto, donamos el dise\u00f1o completo de nuestro dise\u00f1o del Modulo Sustentable 48, por su superficie&hellip;&nbsp;<a href=\"https:\/\/arqvision.cl\/ARQvision_Sustainable_Architecture\/2017\/02\/casa-ms48-vivienda-tipo-para-desafio-levantemos-chile-2017\/\" rel=\"bookmark\">Read More &raquo;<span class=\"screen-reader-text\">Casa MS48. Vivienda Tipo para DESAFIO LEVANTEMOS CHILE. 2017<\/span><\/a><\/p>\n","protected":false},"author":1,"featured_media":468,"comment_status":"closed","ping_status":"open","sticky":false,"template":"","format":"link","meta":{"_acf_changed":false,"_crdt_document":"","neve_meta_sidebar":"","neve_meta_container":"","neve_meta_enable_content_width":"","neve_meta_content_width":0,"neve_meta_title_alignment":"","neve_meta_author_avatar":"","neve_post_elements_order":"","neve_meta_disable_header":"","neve_meta_disable_footer":"","neve_meta_disable_title":"","footnotes":""},"categories":[10],"tags":[59,61,60,58],"class_list":["post-466","post","type-post","status-publish","format-link","has-post-thumbnail","hentry","category-vivienda-social","tag-damnificados","tag-incendio","tag-terremoto","tag-vivienda","post_format-post-format-link"],"acf":[],"_links":{"self":[{"href":"https:\/\/arqvision.cl\/ARQvision_Sustainable_Architecture\/wp-json\/wp\/v2\/posts\/466","targetHints":{"allow":["GET"]}}],"collection":[{"href":"https:\/\/arqvision.cl\/ARQvision_Sustainable_Architecture\/wp-json\/wp\/v2\/posts"}],"about":[{"href":"https:\/\/arqvision.cl\/ARQvision_Sustainable_Architecture\/wp-json\/wp\/v2\/types\/post"}],"author":[{"embeddable":true,"href":"https:\/\/arqvision.cl\/ARQvision_Sustainable_Architecture\/wp-json\/wp\/v2\/users\/1"}],"replies":[{"embeddable":true,"href":"https:\/\/arqvision.cl\/ARQvision_Sustainable_Architecture\/wp-json\/wp\/v2\/comments?post=466"}],"version-history":[{"count":7,"href":"https:\/\/arqvision.cl\/ARQvision_Sustainable_Architecture\/wp-json\/wp\/v2\/posts\/466\/revisions"}],"predecessor-version":[{"id":1228,"href":"https:\/\/arqvision.cl\/ARQvision_Sustainable_Architecture\/wp-json\/wp\/v2\/posts\/466\/revisions\/1228"}],"wp:featuredmedia":[{"embeddable":true,"href":"https:\/\/arqvision.cl\/ARQvision_Sustainable_Architecture\/wp-json\/wp\/v2\/media\/468"}],"wp:attachment":[{"href":"https:\/\/arqvision.cl\/ARQvision_Sustainable_Architecture\/wp-json\/wp\/v2\/media?parent=466"}],"wp:term":[{"taxonomy":"category","embeddable":true,"href":"https:\/\/arqvision.cl\/ARQvision_Sustainable_Architecture\/wp-json\/wp\/v2\/categories?post=466"},{"taxonomy":"post_tag","embeddable":true,"href":"https:\/\/arqvision.cl\/ARQvision_Sustainable_Architecture\/wp-json\/wp\/v2\/tags?post=466"}],"curies":[{"name":"wp","href":"https:\/\/api.w.org\/{rel}","templated":true}]}}