{"id":459,"date":"2017-03-18T14:32:24","date_gmt":"2017-03-18T17:32:24","guid":{"rendered":"http:\/\/arqvision.cl\/ARQvision_Sustainable_Architecture\/?p=459"},"modified":"2024-07-12T12:23:23","modified_gmt":"2024-07-12T16:23:23","slug":"casas-de-san-juan-de-olivar","status":"publish","type":"post","link":"https:\/\/arqvision.cl\/ARQvision_Sustainable_Architecture\/2017\/03\/casas-de-san-juan-de-olivar\/","title":{"rendered":"Casas de San Juan de Olivar. 2017"},"content":{"rendered":"\n<p class=\"wp-block-paragraph\"><em>Nuestra propuesta es crear un barrio sustentable, que llegue a operar con la menor energia externa posible. Y que adem\u00e1s entregue la mejor calidad de vida a sus habitantes.<\/em><\/p>\n\n\n\n<figure class=\"wp-block-image\"><img loading=\"lazy\" decoding=\"async\" width=\"1024\" height=\"645\" src=\"https:\/\/arqvision.cl\/ARQvision_Sustainable_Architecture\/wp-content\/uploads\/2017\/06\/Screen-Shot-2017-06-18-at-10.52.02-AM-1024x645.png\" alt=\"\" class=\"wp-image-460\" srcset=\"https:\/\/arqvision.cl\/ARQvision_Sustainable_Architecture\/wp-content\/uploads\/2017\/06\/Screen-Shot-2017-06-18-at-10.52.02-AM-1024x645.png 1024w, https:\/\/arqvision.cl\/ARQvision_Sustainable_Architecture\/wp-content\/uploads\/2017\/06\/Screen-Shot-2017-06-18-at-10.52.02-AM-300x189.png 300w, https:\/\/arqvision.cl\/ARQvision_Sustainable_Architecture\/wp-content\/uploads\/2017\/06\/Screen-Shot-2017-06-18-at-10.52.02-AM-768x484.png 768w, https:\/\/arqvision.cl\/ARQvision_Sustainable_Architecture\/wp-content\/uploads\/2017\/06\/Screen-Shot-2017-06-18-at-10.52.02-AM.png 1332w\" sizes=\"auto, (max-width: 1024px) 100vw, 1024px\" \/><\/figure>\n\n\n\n<p class=\"wp-block-paragraph\"><em>Cada tipo de casa, se dise\u00f1\u00f3 pensando en como llega el sol a cada terreno. Asegurando 18\u00baC promedio anual. Tienen alrededor de 140 m2 ampliables y conectadas a Net Metering,<\/em><\/p>\n\n\n\n<p class=\"wp-block-paragraph\">La Casa Tipo N, de 140 m2 ampliable a 180 m2<\/p>\n\n\n\n<figure class=\"wp-block-image\"><img loading=\"lazy\" decoding=\"async\" width=\"1024\" height=\"565\" src=\"https:\/\/arqvision.cl\/ARQvision_Sustainable_Architecture\/wp-content\/uploads\/2017\/06\/Casa-N-Vista-Acceso-1-1024x565.jpg\" alt=\"\" class=\"wp-image-58\" srcset=\"https:\/\/arqvision.cl\/ARQvision_Sustainable_Architecture\/wp-content\/uploads\/2017\/06\/Casa-N-Vista-Acceso-1-1024x565.jpg 1024w, https:\/\/arqvision.cl\/ARQvision_Sustainable_Architecture\/wp-content\/uploads\/2017\/06\/Casa-N-Vista-Acceso-1-300x166.jpg 300w, https:\/\/arqvision.cl\/ARQvision_Sustainable_Architecture\/wp-content\/uploads\/2017\/06\/Casa-N-Vista-Acceso-1-768x424.jpg 768w, https:\/\/arqvision.cl\/ARQvision_Sustainable_Architecture\/wp-content\/uploads\/2017\/06\/Casa-N-Vista-Acceso-1.jpg 1194w\" sizes=\"auto, (max-width: 1024px) 100vw, 1024px\" \/><\/figure>\n\n\n\n<figure class=\"wp-block-image\"><img loading=\"lazy\" decoding=\"async\" width=\"1024\" height=\"569\" src=\"https:\/\/arqvision.cl\/ARQvision_Sustainable_Architecture\/wp-content\/uploads\/2017\/06\/Casa-N-Vista-Patio-1-1024x569.jpg\" alt=\"\" class=\"wp-image-60\" srcset=\"https:\/\/arqvision.cl\/ARQvision_Sustainable_Architecture\/wp-content\/uploads\/2017\/06\/Casa-N-Vista-Patio-1-1024x569.jpg 1024w, https:\/\/arqvision.cl\/ARQvision_Sustainable_Architecture\/wp-content\/uploads\/2017\/06\/Casa-N-Vista-Patio-1-300x167.jpg 300w, https:\/\/arqvision.cl\/ARQvision_Sustainable_Architecture\/wp-content\/uploads\/2017\/06\/Casa-N-Vista-Patio-1-768x427.jpg 768w, https:\/\/arqvision.cl\/ARQvision_Sustainable_Architecture\/wp-content\/uploads\/2017\/06\/Casa-N-Vista-Patio-1.jpg 1326w\" sizes=\"auto, (max-width: 1024px) 100vw, 1024px\" \/><\/figure>\n\n\n\n<figure class=\"wp-block-image\"><img loading=\"lazy\" decoding=\"async\" width=\"1024\" height=\"569\" src=\"https:\/\/arqvision.cl\/ARQvision_Sustainable_Architecture\/wp-content\/uploads\/2017\/06\/Casa-N-Vista-Patio-2-1024x569.jpg\" alt=\"\" class=\"wp-image-61\" srcset=\"https:\/\/arqvision.cl\/ARQvision_Sustainable_Architecture\/wp-content\/uploads\/2017\/06\/Casa-N-Vista-Patio-2-1024x569.jpg 1024w, https:\/\/arqvision.cl\/ARQvision_Sustainable_Architecture\/wp-content\/uploads\/2017\/06\/Casa-N-Vista-Patio-2-300x167.jpg 300w, https:\/\/arqvision.cl\/ARQvision_Sustainable_Architecture\/wp-content\/uploads\/2017\/06\/Casa-N-Vista-Patio-2-768x427.jpg 768w, https:\/\/arqvision.cl\/ARQvision_Sustainable_Architecture\/wp-content\/uploads\/2017\/06\/Casa-N-Vista-Patio-2.jpg 1432w\" sizes=\"auto, (max-width: 1024px) 100vw, 1024px\" \/><\/figure>\n\n\n\n<p class=\"wp-block-paragraph\">La Casa Tipo S, de 140 m2 ampliable a 177 m2<\/p>\n\n\n\n<figure class=\"wp-block-image\"><img loading=\"lazy\" decoding=\"async\" width=\"1024\" height=\"568\" src=\"https:\/\/arqvision.cl\/ARQvision_Sustainable_Architecture\/wp-content\/uploads\/2017\/06\/Casa-S-Vista-Acceso-1-1024x568.jpg\" alt=\"\" class=\"wp-image-86\" srcset=\"https:\/\/arqvision.cl\/ARQvision_Sustainable_Architecture\/wp-content\/uploads\/2017\/06\/Casa-S-Vista-Acceso-1-1024x568.jpg 1024w, https:\/\/arqvision.cl\/ARQvision_Sustainable_Architecture\/wp-content\/uploads\/2017\/06\/Casa-S-Vista-Acceso-1-300x166.jpg 300w, https:\/\/arqvision.cl\/ARQvision_Sustainable_Architecture\/wp-content\/uploads\/2017\/06\/Casa-S-Vista-Acceso-1-768x426.jpg 768w, https:\/\/arqvision.cl\/ARQvision_Sustainable_Architecture\/wp-content\/uploads\/2017\/06\/Casa-S-Vista-Acceso-1.jpg 1347w\" sizes=\"auto, (max-width: 1024px) 100vw, 1024px\" \/><\/figure>\n\n\n\n<figure class=\"wp-block-image\"><img loading=\"lazy\" decoding=\"async\" width=\"1024\" height=\"570\" src=\"https:\/\/arqvision.cl\/ARQvision_Sustainable_Architecture\/wp-content\/uploads\/2017\/06\/Casa-S-Vista-Patio-1-1024x570.jpg\" alt=\"\" class=\"wp-image-88\" srcset=\"https:\/\/arqvision.cl\/ARQvision_Sustainable_Architecture\/wp-content\/uploads\/2017\/06\/Casa-S-Vista-Patio-1-1024x570.jpg 1024w, https:\/\/arqvision.cl\/ARQvision_Sustainable_Architecture\/wp-content\/uploads\/2017\/06\/Casa-S-Vista-Patio-1-300x167.jpg 300w, https:\/\/arqvision.cl\/ARQvision_Sustainable_Architecture\/wp-content\/uploads\/2017\/06\/Casa-S-Vista-Patio-1-768x427.jpg 768w, https:\/\/arqvision.cl\/ARQvision_Sustainable_Architecture\/wp-content\/uploads\/2017\/06\/Casa-S-Vista-Patio-1.jpg 1328w\" sizes=\"auto, (max-width: 1024px) 100vw, 1024px\" \/><\/figure>\n\n\n\n<figure class=\"wp-block-image\"><img loading=\"lazy\" decoding=\"async\" width=\"1024\" height=\"570\" src=\"https:\/\/arqvision.cl\/ARQvision_Sustainable_Architecture\/wp-content\/uploads\/2017\/06\/Casa-S-Vista-Acceso-2-1024x570.jpg\" alt=\"\" class=\"wp-image-87\" srcset=\"https:\/\/arqvision.cl\/ARQvision_Sustainable_Architecture\/wp-content\/uploads\/2017\/06\/Casa-S-Vista-Acceso-2-1024x570.jpg 1024w, https:\/\/arqvision.cl\/ARQvision_Sustainable_Architecture\/wp-content\/uploads\/2017\/06\/Casa-S-Vista-Acceso-2-300x167.jpg 300w, https:\/\/arqvision.cl\/ARQvision_Sustainable_Architecture\/wp-content\/uploads\/2017\/06\/Casa-S-Vista-Acceso-2-768x428.jpg 768w, https:\/\/arqvision.cl\/ARQvision_Sustainable_Architecture\/wp-content\/uploads\/2017\/06\/Casa-S-Vista-Acceso-2.jpg 1460w\" sizes=\"auto, (max-width: 1024px) 100vw, 1024px\" \/><\/figure>\n","protected":false},"excerpt":{"rendered":"<p>Nuestra propuesta es crear un barrio sustentable, que llegue a operar con la menor energia externa posible. Y que adem\u00e1s entregue la mejor calidad de vida a sus habitantes. Cada tipo de casa, se dise\u00f1\u00f3 pensando en como llega el sol a cada terreno. Asegurando 18\u00baC promedio anual. Tienen alrededor de 140 m2 ampliables y&hellip;&nbsp;<a href=\"https:\/\/arqvision.cl\/ARQvision_Sustainable_Architecture\/2017\/03\/casas-de-san-juan-de-olivar\/\" rel=\"bookmark\">Read More &raquo;<span class=\"screen-reader-text\">Casas de San Juan de Olivar. 2017<\/span><\/a><\/p>\n","protected":false},"author":1,"featured_media":60,"comment_status":"closed","ping_status":"open","sticky":false,"template":"","format":"gallery","meta":{"_acf_changed":false,"_crdt_document":"","neve_meta_sidebar":"","neve_meta_container":"","neve_meta_enable_content_width":"","neve_meta_content_width":0,"neve_meta_title_alignment":"","neve_meta_author_avatar":"","neve_post_elements_order":"","neve_meta_disable_header":"","neve_meta_disable_footer":"","neve_meta_disable_title":"","footnotes":""},"categories":[62,11],"tags":[32],"class_list":["post-459","post","type-post","status-publish","format-gallery","has-post-thumbnail","hentry","category-estudio-urbano","category-vivienda","tag-barrio-sustentable","post_format-post-format-gallery"],"acf":[],"_links":{"self":[{"href":"https:\/\/arqvision.cl\/ARQvision_Sustainable_Architecture\/wp-json\/wp\/v2\/posts\/459","targetHints":{"allow":["GET"]}}],"collection":[{"href":"https:\/\/arqvision.cl\/ARQvision_Sustainable_Architecture\/wp-json\/wp\/v2\/posts"}],"about":[{"href":"https:\/\/arqvision.cl\/ARQvision_Sustainable_Architecture\/wp-json\/wp\/v2\/types\/post"}],"author":[{"embeddable":true,"href":"https:\/\/arqvision.cl\/ARQvision_Sustainable_Architecture\/wp-json\/wp\/v2\/users\/1"}],"replies":[{"embeddable":true,"href":"https:\/\/arqvision.cl\/ARQvision_Sustainable_Architecture\/wp-json\/wp\/v2\/comments?post=459"}],"version-history":[{"count":4,"href":"https:\/\/arqvision.cl\/ARQvision_Sustainable_Architecture\/wp-json\/wp\/v2\/posts\/459\/revisions"}],"predecessor-version":[{"id":996,"href":"https:\/\/arqvision.cl\/ARQvision_Sustainable_Architecture\/wp-json\/wp\/v2\/posts\/459\/revisions\/996"}],"wp:featuredmedia":[{"embeddable":true,"href":"https:\/\/arqvision.cl\/ARQvision_Sustainable_Architecture\/wp-json\/wp\/v2\/media\/60"}],"wp:attachment":[{"href":"https:\/\/arqvision.cl\/ARQvision_Sustainable_Architecture\/wp-json\/wp\/v2\/media?parent=459"}],"wp:term":[{"taxonomy":"category","embeddable":true,"href":"https:\/\/arqvision.cl\/ARQvision_Sustainable_Architecture\/wp-json\/wp\/v2\/categories?post=459"},{"taxonomy":"post_tag","embeddable":true,"href":"https:\/\/arqvision.cl\/ARQvision_Sustainable_Architecture\/wp-json\/wp\/v2\/tags?post=459"}],"curies":[{"name":"wp","href":"https:\/\/api.w.org\/{rel}","templated":true}]}}