{"id":323,"date":"2009-06-12T20:06:38","date_gmt":"2009-06-12T20:06:38","guid":{"rendered":"http:\/\/arqvision.cl\/ARQvision_Sustainable_Architecture\/?p=323"},"modified":"2024-07-12T12:48:25","modified_gmt":"2024-07-12T16:48:25","slug":"reconstruccion-casa-hodkinson","status":"publish","type":"post","link":"https:\/\/arqvision.cl\/ARQvision_Sustainable_Architecture\/2009\/06\/reconstruccion-casa-hodkinson\/","title":{"rendered":"Reconstruccion Casa Hodkinson"},"content":{"rendered":"<p><em>La Casa Hodkinson es un edificio\u00a0hist\u00f3rico en Graneros. P<\/em><i>roducto del paso del\u00a0tiempo fue necesario dar un sustento estructural, de dise\u00f1o y de uso. Sin embargo luego de terminado el proyecto,\u00a0sufri\u00f3 graves da\u00f1os el 2010 producto del terremoto 27F, y luego\u00a0sufrir un incendio que lo dejo totalmente en ruinas.<\/i><!--more--><\/p>\n<p><em>Para esto creamos como base de sustentabilidad\u00a0<\/em><i>econ\u00f3mica, una Corporacion Cultural con talleres de Tecnologias de\u00a0Informaci\u00f3n, Arte\u00a0Esc\u00e9nico y M\u00fasica. \u00a0Gracias a esto Monumentos Nacionales\u00a0di\u00f3 su aprobaci\u00f3n del dise\u00f1o arquitect\u00f3nico de forma inmediata.<\/i><\/p>\n<p><img loading=\"lazy\" decoding=\"async\" class=\"alignnone wp-image-325\" src=\"https:\/\/arqvision.cl\/ARQvision_Sustainable_Architecture\/wp-content\/uploads\/2017\/06\/Vista-1-CCG-300x169.jpg\" alt=\"\" width=\"500\" height=\"281\" srcset=\"https:\/\/arqvision.cl\/ARQvision_Sustainable_Architecture\/wp-content\/uploads\/2017\/06\/Vista-1-CCG-300x169.jpg 300w, https:\/\/arqvision.cl\/ARQvision_Sustainable_Architecture\/wp-content\/uploads\/2017\/06\/Vista-1-CCG-768x432.jpg 768w, https:\/\/arqvision.cl\/ARQvision_Sustainable_Architecture\/wp-content\/uploads\/2017\/06\/Vista-1-CCG-1024x576.jpg 1024w, https:\/\/arqvision.cl\/ARQvision_Sustainable_Architecture\/wp-content\/uploads\/2017\/06\/Vista-1-CCG.jpg 1521w\" sizes=\"auto, (max-width: 500px) 100vw, 500px\" \/><\/p>\n<p><img loading=\"lazy\" decoding=\"async\" class=\"alignnone wp-image-326\" src=\"https:\/\/arqvision.cl\/ARQvision_Sustainable_Architecture\/wp-content\/uploads\/2017\/06\/Vista-3-CCG-300x167.jpg\" alt=\"\" width=\"500\" height=\"278\" srcset=\"https:\/\/arqvision.cl\/ARQvision_Sustainable_Architecture\/wp-content\/uploads\/2017\/06\/Vista-3-CCG-300x167.jpg 300w, https:\/\/arqvision.cl\/ARQvision_Sustainable_Architecture\/wp-content\/uploads\/2017\/06\/Vista-3-CCG-768x427.jpg 768w, https:\/\/arqvision.cl\/ARQvision_Sustainable_Architecture\/wp-content\/uploads\/2017\/06\/Vista-3-CCG-672x372.jpg 672w, https:\/\/arqvision.cl\/ARQvision_Sustainable_Architecture\/wp-content\/uploads\/2017\/06\/Vista-3-CCG.jpg 1000w\" sizes=\"auto, (max-width: 500px) 100vw, 500px\" \/><\/p>\n","protected":false},"excerpt":{"rendered":"<p>La Casa Hodkinson es un edificio\u00a0hist\u00f3rico en Graneros. Producto del paso del\u00a0tiempo fue necesario dar un sustento estructural, de dise\u00f1o y de uso. Sin embargo luego de terminado el proyecto,\u00a0sufri\u00f3 graves da\u00f1os el 2010 producto del terremoto 27F, y luego\u00a0sufrir un incendio que lo dejo totalmente en ruinas.<\/p>\n","protected":false},"author":1,"featured_media":324,"comment_status":"closed","ping_status":"open","sticky":false,"template":"","format":"gallery","meta":{"_acf_changed":false,"_crdt_document":"","neve_meta_sidebar":"","neve_meta_container":"","neve_meta_enable_content_width":"","neve_meta_content_width":0,"neve_meta_title_alignment":"","neve_meta_author_avatar":"","neve_post_elements_order":"","neve_meta_disable_header":"","neve_meta_disable_footer":"","neve_meta_disable_title":"","footnotes":""},"categories":[6],"tags":[52,55,53],"class_list":["post-323","post","type-post","status-publish","format-gallery","has-post-thumbnail","hentry","category-educacion","tag-arquitectura-bim","tag-restauracion-historica","tag-sustentable","post_format-post-format-gallery"],"acf":[],"_links":{"self":[{"href":"https:\/\/arqvision.cl\/ARQvision_Sustainable_Architecture\/wp-json\/wp\/v2\/posts\/323","targetHints":{"allow":["GET"]}}],"collection":[{"href":"https:\/\/arqvision.cl\/ARQvision_Sustainable_Architecture\/wp-json\/wp\/v2\/posts"}],"about":[{"href":"https:\/\/arqvision.cl\/ARQvision_Sustainable_Architecture\/wp-json\/wp\/v2\/types\/post"}],"author":[{"embeddable":true,"href":"https:\/\/arqvision.cl\/ARQvision_Sustainable_Architecture\/wp-json\/wp\/v2\/users\/1"}],"replies":[{"embeddable":true,"href":"https:\/\/arqvision.cl\/ARQvision_Sustainable_Architecture\/wp-json\/wp\/v2\/comments?post=323"}],"version-history":[{"count":6,"href":"https:\/\/arqvision.cl\/ARQvision_Sustainable_Architecture\/wp-json\/wp\/v2\/posts\/323\/revisions"}],"predecessor-version":[{"id":1418,"href":"https:\/\/arqvision.cl\/ARQvision_Sustainable_Architecture\/wp-json\/wp\/v2\/posts\/323\/revisions\/1418"}],"wp:featuredmedia":[{"embeddable":true,"href":"https:\/\/arqvision.cl\/ARQvision_Sustainable_Architecture\/wp-json\/wp\/v2\/media\/324"}],"wp:attachment":[{"href":"https:\/\/arqvision.cl\/ARQvision_Sustainable_Architecture\/wp-json\/wp\/v2\/media?parent=323"}],"wp:term":[{"taxonomy":"category","embeddable":true,"href":"https:\/\/arqvision.cl\/ARQvision_Sustainable_Architecture\/wp-json\/wp\/v2\/categories?post=323"},{"taxonomy":"post_tag","embeddable":true,"href":"https:\/\/arqvision.cl\/ARQvision_Sustainable_Architecture\/wp-json\/wp\/v2\/tags?post=323"}],"curies":[{"name":"wp","href":"https:\/\/api.w.org\/{rel}","templated":true}]}}