{"id":1276,"date":"2022-04-08T11:37:26","date_gmt":"2022-04-08T15:37:26","guid":{"rendered":"https:\/\/arqvision.cl\/ARQvision_Sustainable_Architecture\/?p=1276"},"modified":"2024-07-12T12:30:09","modified_gmt":"2024-07-12T16:30:09","slug":"casa-mrmf","status":"publish","type":"post","link":"https:\/\/arqvision.cl\/ARQvision_Sustainable_Architecture\/2022\/04\/casa-mrmf\/","title":{"rendered":"Casa MRMF"},"content":{"rendered":"\n<p class=\"wp-block-paragraph\">Esta vivienda unifamiliar, ubicada al oeste de Quell\u00f3n, en una ladera mirando la Bahia de Incopulli, es nuestra primera vivienda en la Isla de Chiloe.<br><br>Su planta larga siguiendo la cota y la vista, obliga a una orientaci\u00f3n sur, lo que es contrario al an\u00e1lisis clim\u00e1tico previo.<\/p>\n\n\n\n<figure class=\"wp-block-image size-large\"><img loading=\"lazy\" decoding=\"async\" width=\"1024\" height=\"575\" src=\"https:\/\/arqvision.cl\/ARQvision_Sustainable_Architecture\/wp-content\/uploads\/2022\/04\/Vista-4-1024x575.jpg\" alt=\"\" class=\"wp-image-1254\" srcset=\"https:\/\/arqvision.cl\/ARQvision_Sustainable_Architecture\/wp-content\/uploads\/2022\/04\/Vista-4-1024x575.jpg 1024w, https:\/\/arqvision.cl\/ARQvision_Sustainable_Architecture\/wp-content\/uploads\/2022\/04\/Vista-4-300x169.jpg 300w, https:\/\/arqvision.cl\/ARQvision_Sustainable_Architecture\/wp-content\/uploads\/2022\/04\/Vista-4-768x431.jpg 768w, https:\/\/arqvision.cl\/ARQvision_Sustainable_Architecture\/wp-content\/uploads\/2022\/04\/Vista-4-1536x863.jpg 1536w, https:\/\/arqvision.cl\/ARQvision_Sustainable_Architecture\/wp-content\/uploads\/2022\/04\/Vista-4-2048x1150.jpg 2048w\" sizes=\"auto, (max-width: 1024px) 100vw, 1024px\" \/><\/figure>\n\n\n\n<p class=\"wp-block-paragraph\">Por esta raz\u00f3n se opto romper la planta con un invernadero que cruza la planta, y que acoge el acceso, estar familiar y comedor. Utilizando un esquema abierto pero separado del area de dormitorios.<\/p>\n\n\n\n<figure class=\"wp-block-image size-large\"><img loading=\"lazy\" decoding=\"async\" width=\"1024\" height=\"573\" src=\"https:\/\/arqvision.cl\/ARQvision_Sustainable_Architecture\/wp-content\/uploads\/2022\/04\/Vista-5-1024x573.jpg\" alt=\"\" class=\"wp-image-1255\" srcset=\"https:\/\/arqvision.cl\/ARQvision_Sustainable_Architecture\/wp-content\/uploads\/2022\/04\/Vista-5-1024x573.jpg 1024w, https:\/\/arqvision.cl\/ARQvision_Sustainable_Architecture\/wp-content\/uploads\/2022\/04\/Vista-5-300x168.jpg 300w, https:\/\/arqvision.cl\/ARQvision_Sustainable_Architecture\/wp-content\/uploads\/2022\/04\/Vista-5-768x430.jpg 768w, https:\/\/arqvision.cl\/ARQvision_Sustainable_Architecture\/wp-content\/uploads\/2022\/04\/Vista-5-1536x859.jpg 1536w, https:\/\/arqvision.cl\/ARQvision_Sustainable_Architecture\/wp-content\/uploads\/2022\/04\/Vista-5-2048x1145.jpg 2048w\" sizes=\"auto, (max-width: 1024px) 100vw, 1024px\" \/><\/figure>\n\n\n\n<p class=\"wp-block-paragraph\">Por otra parte, para su revestimiento se opto por una continuidad cubierta fachada, para permanecer lo mas herm\u00e9tico a la lluvia y viento, dejando los espacios que miran al sur, tragados al interior.<\/p>\n\n\n\n<figure class=\"wp-block-image size-large\"><img loading=\"lazy\" decoding=\"async\" width=\"1024\" height=\"574\" src=\"https:\/\/arqvision.cl\/ARQvision_Sustainable_Architecture\/wp-content\/uploads\/2022\/04\/Vista-2-1024x574.jpg\" alt=\"\" class=\"wp-image-1258\" srcset=\"https:\/\/arqvision.cl\/ARQvision_Sustainable_Architecture\/wp-content\/uploads\/2022\/04\/Vista-2-1024x574.jpg 1024w, https:\/\/arqvision.cl\/ARQvision_Sustainable_Architecture\/wp-content\/uploads\/2022\/04\/Vista-2-300x168.jpg 300w, https:\/\/arqvision.cl\/ARQvision_Sustainable_Architecture\/wp-content\/uploads\/2022\/04\/Vista-2-768x431.jpg 768w, https:\/\/arqvision.cl\/ARQvision_Sustainable_Architecture\/wp-content\/uploads\/2022\/04\/Vista-2-1536x861.jpg 1536w, https:\/\/arqvision.cl\/ARQvision_Sustainable_Architecture\/wp-content\/uploads\/2022\/04\/Vista-2-2048x1148.jpg 2048w\" sizes=\"auto, (max-width: 1024px) 100vw, 1024px\" \/><\/figure>\n\n\n\n<p class=\"wp-block-paragraph\">Y en el acceso se utilizo una porsche y tronera para mantener el clima interior de la vivienda<\/p>\n\n\n\n<figure class=\"wp-block-image size-large\"><img loading=\"lazy\" decoding=\"async\" width=\"1024\" height=\"574\" src=\"https:\/\/arqvision.cl\/ARQvision_Sustainable_Architecture\/wp-content\/uploads\/2022\/04\/Vista-3-1024x574.jpg\" alt=\"\" class=\"wp-image-1259\" srcset=\"https:\/\/arqvision.cl\/ARQvision_Sustainable_Architecture\/wp-content\/uploads\/2022\/04\/Vista-3-1024x574.jpg 1024w, https:\/\/arqvision.cl\/ARQvision_Sustainable_Architecture\/wp-content\/uploads\/2022\/04\/Vista-3-300x168.jpg 300w, https:\/\/arqvision.cl\/ARQvision_Sustainable_Architecture\/wp-content\/uploads\/2022\/04\/Vista-3-768x431.jpg 768w, https:\/\/arqvision.cl\/ARQvision_Sustainable_Architecture\/wp-content\/uploads\/2022\/04\/Vista-3-1536x861.jpg 1536w, https:\/\/arqvision.cl\/ARQvision_Sustainable_Architecture\/wp-content\/uploads\/2022\/04\/Vista-3-2048x1148.jpg 2048w\" sizes=\"auto, (max-width: 1024px) 100vw, 1024px\" \/><\/figure>\n\n\n\n<figure class=\"wp-block-image size-large\"><img loading=\"lazy\" decoding=\"async\" width=\"1024\" height=\"575\" src=\"https:\/\/arqvision.cl\/ARQvision_Sustainable_Architecture\/wp-content\/uploads\/2022\/04\/Vista-1-1024x575.jpg\" alt=\"\" class=\"wp-image-1257\" srcset=\"https:\/\/arqvision.cl\/ARQvision_Sustainable_Architecture\/wp-content\/uploads\/2022\/04\/Vista-1-1024x575.jpg 1024w, https:\/\/arqvision.cl\/ARQvision_Sustainable_Architecture\/wp-content\/uploads\/2022\/04\/Vista-1-300x169.jpg 300w, https:\/\/arqvision.cl\/ARQvision_Sustainable_Architecture\/wp-content\/uploads\/2022\/04\/Vista-1-768x431.jpg 768w, https:\/\/arqvision.cl\/ARQvision_Sustainable_Architecture\/wp-content\/uploads\/2022\/04\/Vista-1-1536x863.jpg 1536w, https:\/\/arqvision.cl\/ARQvision_Sustainable_Architecture\/wp-content\/uploads\/2022\/04\/Vista-1-2048x1150.jpg 2048w\" sizes=\"auto, (max-width: 1024px) 100vw, 1024px\" \/><\/figure>\n\n\n\n<p class=\"wp-block-paragraph\">Esta vivienda no tiene aleros ni canaletas, dado que al llover con viento no se justifican.<\/p>\n","protected":false},"excerpt":{"rendered":"<p>Esta vivienda unifamiliar, ubicada al oeste de Quell\u00f3n, en una ladera mirando la Bahia de Incopulli, es nuestra primera vivienda en la Isla de Chiloe. Su planta larga siguiendo la cota y la vista, obliga a una orientaci\u00f3n sur, lo que es contrario al an\u00e1lisis clim\u00e1tico previo. Por esta raz\u00f3n se opto romper la planta&hellip;&nbsp;<a href=\"https:\/\/arqvision.cl\/ARQvision_Sustainable_Architecture\/2022\/04\/casa-mrmf\/\" rel=\"bookmark\">Read More &raquo;<span class=\"screen-reader-text\">Casa MRMF<\/span><\/a><\/p>\n","protected":false},"author":1,"featured_media":1254,"comment_status":"closed","ping_status":"open","sticky":false,"template":"","format":"standard","meta":{"_acf_changed":false,"_crdt_document":"","neve_meta_sidebar":"","neve_meta_container":"","neve_meta_enable_content_width":"","neve_meta_content_width":0,"neve_meta_title_alignment":"","neve_meta_author_avatar":"","neve_post_elements_order":"[\"title\",\"meta\",\"thumbnail\",\"content\",\"tags\",\"comments\"]","neve_meta_disable_header":"","neve_meta_disable_footer":"","neve_meta_disable_title":"","footnotes":""},"categories":[11,5],"tags":[51],"class_list":["post-1276","post","type-post","status-publish","format-standard","has-post-thumbnail","hentry","category-vivienda","category-vivienda-unifamiliar","tag-vivienda-sustentable"],"acf":[],"_links":{"self":[{"href":"https:\/\/arqvision.cl\/ARQvision_Sustainable_Architecture\/wp-json\/wp\/v2\/posts\/1276","targetHints":{"allow":["GET"]}}],"collection":[{"href":"https:\/\/arqvision.cl\/ARQvision_Sustainable_Architecture\/wp-json\/wp\/v2\/posts"}],"about":[{"href":"https:\/\/arqvision.cl\/ARQvision_Sustainable_Architecture\/wp-json\/wp\/v2\/types\/post"}],"author":[{"embeddable":true,"href":"https:\/\/arqvision.cl\/ARQvision_Sustainable_Architecture\/wp-json\/wp\/v2\/users\/1"}],"replies":[{"embeddable":true,"href":"https:\/\/arqvision.cl\/ARQvision_Sustainable_Architecture\/wp-json\/wp\/v2\/comments?post=1276"}],"version-history":[{"count":1,"href":"https:\/\/arqvision.cl\/ARQvision_Sustainable_Architecture\/wp-json\/wp\/v2\/posts\/1276\/revisions"}],"predecessor-version":[{"id":1277,"href":"https:\/\/arqvision.cl\/ARQvision_Sustainable_Architecture\/wp-json\/wp\/v2\/posts\/1276\/revisions\/1277"}],"wp:featuredmedia":[{"embeddable":true,"href":"https:\/\/arqvision.cl\/ARQvision_Sustainable_Architecture\/wp-json\/wp\/v2\/media\/1254"}],"wp:attachment":[{"href":"https:\/\/arqvision.cl\/ARQvision_Sustainable_Architecture\/wp-json\/wp\/v2\/media?parent=1276"}],"wp:term":[{"taxonomy":"category","embeddable":true,"href":"https:\/\/arqvision.cl\/ARQvision_Sustainable_Architecture\/wp-json\/wp\/v2\/categories?post=1276"},{"taxonomy":"post_tag","embeddable":true,"href":"https:\/\/arqvision.cl\/ARQvision_Sustainable_Architecture\/wp-json\/wp\/v2\/tags?post=1276"}],"curies":[{"name":"wp","href":"https:\/\/api.w.org\/{rel}","templated":true}]}}